{"id":1767,"date":"2020-08-25T12:42:26","date_gmt":"2020-08-25T12:42:26","guid":{"rendered":"https:\/\/studiolegalegioffredi.it\/?p=1767"},"modified":"2020-08-25T12:42:27","modified_gmt":"2020-08-25T12:42:27","slug":"la-sottrazione-internazionale-di-minorenni-aspetti-generali-e-caso-specifico-del-minore-condotto-in-germania","status":"publish","type":"post","link":"https:\/\/studiolegalegioffredi.it\/en\/2020\/08\/la-sottrazione-internazionale-di-minorenni-aspetti-generali-e-caso-specifico-del-minore-condotto-in-germania\/","title":{"rendered":"LA SOTTRAZIONE INTERNAZIONALE DI MINORENNI. ASPETTI GENERALI E CASO SPECIFICO DEL MINORE CONDOTTO IN GERMANIA"},"content":{"rendered":"<p><strong>a cura dell&#8217;avv. Arturo Gioffredi<\/strong><\/p>\n\n\n\n<p>\u200b<\/p>\n\n\n\n<p>1. Definizione e quadro normativo&nbsp;&nbsp;&nbsp;&nbsp;&nbsp;<\/p>\n\n\n\n<p>2. Il ruolo delle Autorit\u00e0 Centrali&nbsp;&nbsp;&nbsp;<\/p>\n\n\n\n<p>3. Sottrazione di minore condotto in Germania&nbsp;&nbsp;<\/p>\n\n\n\n<p>4. Consigli pratici in caso di sottrazione di minorenne<\/p>\n\n\n\n<p><\/p>\n\n\n\n<p><strong>1.&nbsp;&nbsp;&nbsp;&nbsp;&nbsp;&nbsp;&nbsp;&nbsp;&nbsp;&nbsp; Definizione e quadro normativo<\/strong><\/p>\n\n\n\n<p><strong>\u200b<\/strong><\/p>\n\n\n\n<p>Si tratta di una materia della massima delicatezza per i risvolti drammatici che la sottrazione di&nbsp; minore ha, sia per i genitori, che per i figli, ai quali viene improvvisamente negato ogni contatto con uno dei genitori.<\/p>\n\n\n\n<p>Per la legge, si ha sottrazione internazionale di minore (dei sedici anni ) quando il minore \u00e8 stato illecitamente condotto all\u2019estero ad opera del genitore non esercente l\u2019esclusiva potest\u00e0 sottraendolo dal luogo di residenza abituale.&nbsp; Identica ipotesi ricorre ovviamente in caso di mancato rientro del minore. Non importa quale sia la nazionalit\u00e0 del minorenne e non importano le nazionalit\u00e0 dei genitori. Rileva solo il luogo di residenza. Ne deriva che il minorenne residente in Italia riceve piena tutela anche se non \u00e8 italiano purch\u00e9 sia stato condotto in altro Stato aderente alla Convenzione dell\u2019Aja del 1980.<\/p>\n\n\n\n<p>\u200b<\/p>\n\n\n\n<p>La materia \u00e8 regolata dalle seguenti convenzioni internazionali, tutte esecutive in Italia ed in Germania :<\/p>\n\n\n\n<p>Convenzione sugli aspetti civili della sottrazione internazionale di minori (L\u2019Aja 25 ottobre 1980) che \u00e8 quella di gran lunga pi\u00f9 importante sia per stabilire se si tratti effettivamente di sottrazione, che per disciplinare la procedura per il rimpatrio dei minori e per l\u2019esercizio del diritto di visita.<\/p>\n\n\n\n<p>\u200b<\/p>\n\n\n\n<p>Convenzione sul riconoscimento delle decisioni in materia di affidamento dei minori e di ristabilimento dell\u2019affidamento (Lussemburgo 20 maggio 1980) che si propone il riconoscimento transnazionale delle decisioni in materia di custodia e affidamento.<\/p>\n\n\n\n<p>Convenzione in materia di protezione dei minori (L\u2019Aja 5 ottobre 1961) che ha una regolamentazione meno specifica e si occupa di tutelare in generale i minori e i loro beni.<\/p>\n\n\n\n<p>Completa il quadro normativo internazionale il Regolamento (CE) n. 2201\/2003 del Consiglio (noto come Bruxelles II bis) che si applica dal 1\u00b0 marzo 2005 e riguarda la materia della competenza, del riconoscimento e dell\u2019esecuzione delle decisioni in materia matrimoniale e in materia di responsabilit\u00e0 genitoriale, oltre che rafforzare e, per cos\u00ec dire, ammodernare le disposizioni di cui alla Convenzione dell\u2019Aja del 1980.<\/p>\n\n\n\n<p>Obiettivo dichiarato\u00a0 della Convenzione dell\u2019Aja del 1980, come pure di tutte le altre regolamentazioni sopra elencate, \u00e8 quello di proteggere il minore.<\/p>\n\n\n\n<p><\/p>\n\n\n\n<p><strong>2.&nbsp;&nbsp;&nbsp;&nbsp;&nbsp;&nbsp;&nbsp;&nbsp;&nbsp;&nbsp; Il ruolo delle Autorit\u00e0 Centrali<\/strong><\/p>\n\n\n\n<p><strong>\u200b<\/strong><\/p>\n\n\n\n<p>Di fondamentale importanza sono le Autorit\u00e0 Centrali convenzionali istituite presso tutti gli Stati aderenti alla convenzione dell\u2019Aja del 1980 .<\/p>\n\n\n\n<p>In Italia, si tratta di :<\/p>\n\n\n\n<p>\u200b<\/p>\n\n\n\n<p>Dipartimento per la giustizia minorile e di comunit\u00e0<\/p>\n\n\n\n<p>Ufficio II &#8211; Autorit\u00e0 Centrali convenzionali<\/p>\n\n\n\n<p>Via Damiano Chiesa, 24<\/p>\n\n\n\n<p>00136 ROMA<\/p>\n\n\n\n<p>tel. +39 06.68188.326\/331\/535<\/p>\n\n\n\n<p>fax. +39 06.68808085<\/p>\n\n\n\n<p>e-mail: autoritacentrali.dgm@giustizia.it<\/p>\n\n\n\n<p>PEC: ucd2.dgm@giustiziacert.it<\/p>\n\n\n\n<p>In Germania lo analogo ufficio \u00e8 :<\/p>\n\n\n\n<p>Bundesamt f\u00fcr Justiz<\/p>\n\n\n\n<p>Referat II 3<\/p>\n\n\n\n<p>Zentrale Beh\u00f6rde f\u00fcr internationale Sorgerechtskonflikte<\/p>\n\n\n\n<p>Adenauerallee 99\u2013103<\/p>\n\n\n\n<p>53113 Bonn<\/p>\n\n\n\n<p>Telefon:+49 228 99 410-5212<\/p>\n\n\n\n<p>Fax: +49 228 99 410-5401<\/p>\n\n\n\n<p>E-Mail: int.sorgerecht@bfj.bund.de<\/p>\n\n\n\n<p>\u200b<\/p>\n\n\n\n<p>Il ruolo di grande importanza delle Autorit\u00e0 Centrali deriva dalla capacit\u00e0 di raccordo che esse hanno tra il genitore ed il sistema giurisdizionale degli Stati coinvolti, senza trascurare che talvolta \u00e8 decisiva l\u2019attivit\u00e0 anche di scambio di informazioni tra le varie Autorit\u00e0 Centrali coinvolte.<\/p>\n\n\n\n<p>L\u2019articolo 15 della Convenzione dell\u2019Aja assegna inoltre all\u2019Autorit\u00e0 Centrale dello Stato di residenza abituale del minore un ruolo decisivo quando stabilisce che essa, se richiesta dalle Autorit\u00e0 Giudiziarie o Amministrative di uno Stato contraente, rilascia\u00a0 una decisione o attestato comprovante che il trasferimento\u00a0 o il mancato rientro erano illeciti.<\/p>\n\n\n\n<p><\/p>\n\n\n\n<p><strong>3. Sottrazione di minore condotto in Germania<\/strong><\/p>\n\n\n\n<p><strong>\u200b<\/strong><\/p>\n\n\n\n<p>L\u2019Autorit\u00e0 Centrale Tedesca di norma collabora con quella italiana e provvede anche ad allertare le Autorit\u00e0 di Polizia per la ricerca del minorenne.<\/p>\n\n\n\n<p>Quando il minorenne sia stato rintracciato sul territorio tedesco l\u2019Autorit\u00e0 Centrale provvede ad informare il giudice circa la domanda di rientro ricevuta tramite l\u2019altra Autorit\u00e0 Centrale ( \u00e8 ovvio che non vige alcun divieto a rivolgersi direttamente alla Autorit\u00e0 Centrale Tedesca ).&nbsp;&nbsp;<\/p>\n\n\n\n<p>Nella prassi il Giudice Tedesco richieder\u00e0 quasi sempre l\u2019attestato di illiceit\u00e0 del trasferimento all\u2019Autorit\u00e0 Centrale convenzionale, ossia quella del paese aderente di abituale residenza del minore.<\/p>\n\n\n\n<p>\u200b<\/p>\n\n\n\n<p>E\u2019 consigliabile quindi allarmare immediatamente sia l\u2019Autorit\u00e0 Centrale dello Stato di residenza abituale del minore che quella dello Stato contraente dove il minore presumibilmente possa trovarsi, indicando, ove noto, il luogo dove il minore sia stato portato.&nbsp;<\/p>\n\n\n\n<p>Ci\u00f2 consentir\u00e0 all\u2019Autorit\u00e0 Centrale di rivolgersi al giudice competente ad ordinare il rientro del minore ( in Germania : Amtsgericht&nbsp; competente territorialmente; in Italia : Tribunale dei Minori del luogo dove si trova il minore ).<\/p>\n\n\n\n<p>Nulla impedisce ovviamente di rivolgersi direttamente al giudice competente.<\/p>\n\n\n\n<p>La procedura di volontaria giurisdizione dovrebbe essere, nelle intenzioni del legislatore, snella e poco formale.<\/p>\n\n\n\n<p>Il termine per il rientro del minore sarebbe, in teoria, di sei settimane.<\/p>\n\n\n\n<p>\u200b<\/p>\n\n\n\n<p>Nella prassi il termine, sia per reali esigenze di istruttoria che per strumentali tattiche dilatorie, non viene quasi mai rispettato. E con il passaggio dei mesi i minori vengono integrati nel nuovo mondo acquistando nuovi amici, frequentando scuole o asili, iscrivendosi ad attivit\u00e0 sportive. Se da un lato l\u2019integrazione rappresenta un bene per il minore, dall\u2019altro, per il genitore rimasto senza figli, aumenta il rischio che, trascorso il periodo di un anno, che la convenzione individua come periodo limite per proporre la domanda di rientro, questa venga definitivamente respinta.<\/p>\n\n\n\n<p>Tra le tattiche dilatorie pi\u00f9 spregiudicate vi \u00e8 quella del continuo cambio di residenza o domicilio del minore. Un genitore pieno di rabbia e frustrazioni accumulate nel paese dell\u2019altro coniuge potrebbe arrivare a denunciare situazioni di pericolo per il minore, ove costretto al rientro.<\/p>\n\n\n\n<p>Tale ipotesi \u00e8 prevista infatti dall\u2019articolo 13 della Convenzione dell\u2019Aja come motivo valido per negare il rientro del minore.<\/p>\n\n\n\n<p>In casi estremi possono arrivare persino accuse di maltrattamenti o addirittura molestie ai danni del minore di cui si sarebbe macchiato il genitore che abbia subito il trasferimento illecito.<\/p>\n\n\n\n<p>\u200b<\/p>\n\n\n\n<p>Pare ovvio che il giudice ( anche quello tedesco ), dinanzi a simili accuse, non possa che procedere con estrema prudenza.&nbsp;<\/p>\n\n\n\n<p>Le accuse aggravano la situazione psichica e psicologica del genitore rimasto solo, costretto peraltro, per difendersi dalle accuse infamanti, a sottostare ad una perizia che viene svolta nel luogo dove si trova il minore, con tutte le difficolt\u00e0 logistiche ed ambientali che ne derivano.<\/p>\n\n\n\n<p>La sentenza che ordina il rientro del minore \u00e8 impugnabile dinanzi al Landgericht e, in Germania, non \u00e8 provvisoriamente esecutiva ( rammentiamo che la sentenza del Tribunale italiano \u00e8 impugnabile in Corte d\u2019Appello ma \u00e8 provvisoriamente esecutiva, salvo sospensione dell\u2019esecuzione da parte della Corte d\u2019Appello ).<\/p>\n\n\n\n<p>Il minorenne quindi, in Germania, non rientra sino alla fine del giudizio di impugnazione.<\/p>\n\n\n\n<p>\u200b<\/p>\n\n\n\n<p>Se il minore \u00e8 in tenerissima et\u00e0, ed ipotizzando che sia stata la madre a sottrarlo, non sar\u00e0 di facile soluzione il problema pratico del rientro, soprattutto se la madre \u00e8 stata denunciata e rischia l\u2019arresto appena mette piede nel paese dove \u00e8 avvenuta la sottrazione.<\/p>\n\n\n\n<p>In tal senso \u00e8 opportuno valutare caso per caso se inoltrare denuncia penale&nbsp; (art. 574 c.p.),&nbsp; soprattutto quando i minori si trovano gi\u00e0 da tempo all\u2019estero.<\/p>\n\n\n\n<p>Altro elemento che riveste grande importanza anche pratica \u00e8 l\u2019ascolto del minore quando possibile ( il Regolamento Bruxelles II bis&nbsp; impone l\u2019ascolto del minore ).<\/p>\n\n\n\n<p>In Germania non \u00e8 infrequente che i genitori siano inviati presso un mediatore che tenter\u00e0 di individuare i conflitti e, possibilmente, le&nbsp; loro soluzioni.<\/p>\n\n\n\n<p>Va da s\u00e9 come sia di fondamentale importanza la partecipazione personale alle udienze che si svolgeranno dinanzi al Giudice Tedesco, anche eventualmente in fase di riesame.<\/p>\n\n\n\n<p><\/p>\n\n\n\n<p><strong>4. Consigli pratici in caso di sottrazione di minorenne<\/strong><\/p>\n\n\n\n<p>\u200b<\/p>\n\n\n\n<p>Innanzitutto \u00e8 necessario agire con la massima urgenza, rivolgendosi immediatamente alla Autorit\u00e0 Centrale del paese di residenza del minorenne che contatter\u00e0 quella del paese dove \u00e8 stato condotto il minore.<\/p>\n\n\n\n<p>La sottrazione internazionale di minore ha luogo se compiuta dal genitore non esercente l\u2019esclusiva potest\u00e0 &nbsp;e quindi \u00e8 importante conoscere e, in caso di dubbio, chiarire la situazione in materia di affidamento e diritto di visita del minorenne nel paese dove ha l\u2019abituale residenza ed anche quella vigente nel paese di origine ( se straniero ) dell\u2019altro genitore o in quel diverso Stato in cui l\u2019altro genitore potrebbe portare il minore.<\/p>\n\n\n\n<p>E\u2019 importante tenere contatti e avere conoscenze con persone che si potrebbero trovare nel luogo in cui il minore possa essere condotto illecitamente ( ad esempio parenti dell\u2019altro coniuge ).<\/p>\n\n\n\n<p>\u200b<\/p>\n\n\n\n<p>Se vi dovesse essere fondato timore di ritenere che il minorenne possa essere sottratto \u00e8 possibile assumere iniziative di carattere legale che renderanno pi\u00f9 difficoltoso, ed in alcuni casi impossibile, l\u2019espatrio del minorenne senza il consenso dell\u2019altro coniuge .<\/p>\n\n\n\n<p>Tra queste \u00e8 possibile ad esempio negare l&#8217;autorizzazione all\u2019espatrio del minorenne comunicando il divieto innanzitutto all\u2019altro coniuge, possibilmente alla presenza di testimoni ( meglio se qualificati : avvocati, notai, autorit\u00e0 consolari )&nbsp; e poi alla Questura per l\u2019annotazione sul documento ( carta d\u2019identit\u00e0 o passaporto ) del minore valido per l\u2019espatrio.<\/p>\n\n\n\n<p>E\u2019 possibile inoltre rivolgersi al giudice ( che cambier\u00e0 nelle diverse situazioni eventualmente gi\u00e0 pendenti tra i genitori, ad esempio separazione, divorzio, affidamento ) per chiedere un provvedimento che vieti l\u2019espatrio del minore senza l\u2019esplicito consenso scritto di entrambi i genitori che, di solito, deve essere formalizzato in modo che sia garantita la reale volont\u00e0 dei coniugi.<\/p>\n\n\n\n<p>\u200b<\/p>\n\n\n\n<p>Ovvio che in presenza di un esplicito divieto dell\u2019Autorit\u00e0 Giudiziaria le operazioni di rientro saranno pi\u00f9 veloci non rendendosi, ad esempio, necessario interpellare l\u2019Autorit\u00e0 Centrale circa la liceit\u00e0 o meno del trasferimento del minorenne.<\/p>\n\n\n\n<p>Nella ipotesi di cui sopra \u00e8 bene verificare che il divieto, tramite la Questura, risulti iscritto nelle liste di frontiera.<\/p>\n\n\n\n<p>Il provvedimento che dovesse ordinare il rientro del minorenne non cambia la situazione preesistente in Italia e quindi sia nel caso di potest\u00e0 genitoriale esercitata da entrambi i genitori che convivono o sono coniugati, che nel caso di affidamento condiviso del minorenne tra genitori separati ( divorziati ) o che abbiano cessato la convivenza,&nbsp; \u00e8 consigliabile ricorrere al giudice, contestualmente alle suddette iniziative, per ottenere l\u2019affido esclusivo.<\/p>\n\n\n\n<p>\u200b<\/p>\n\n\n\n<p>Arturo Gioffredi<\/p>","protected":false},"excerpt":{"rendered":"<p>a cura dell&#8217;avv. Arturo Gioffredi \u200b 1. Definizione e quadro normativo&nbsp;&nbsp;&nbsp;&nbsp;&nbsp; 2. Il ruolo delle Autorit\u00e0 Centrali&nbsp;&nbsp;&nbsp; 3. Sottrazione di minore condotto in Germania&nbsp;&nbsp; 4. Consigli pratici in caso di sottrazione di minorenne 1.&nbsp;&nbsp;&nbsp;&nbsp;&nbsp;&nbsp;&nbsp;&nbsp;&nbsp;&nbsp; Definizione e quadro normativo \u200b Si tratta di una materia della massima delicatezza per i risvolti drammatici che la sottrazione di&nbsp; [&hellip;]<\/p>","protected":false},"author":2,"featured_media":0,"comment_status":"closed","ping_status":"closed","sticky":false,"template":"","format":"standard","meta":{"_coblocks_attr":"","_coblocks_dimensions":"","_coblocks_responsive_height":"","_coblocks_accordion_ie_support":"","_monsterinsights_skip_tracking":false,"_monsterinsights_sitenote_active":false,"_monsterinsights_sitenote_note":"","_monsterinsights_sitenote_category":0,"footnotes":""},"categories":[1],"tags":[],"class_list":["post-1767","post","type-post","status-publish","format-standard","hentry","category-uncategorized"],"yoast_head":"<!-- This site is optimized with the Yoast SEO plugin v19.8 - https:\/\/yoast.com\/wordpress\/plugins\/seo\/ -->\n<title>LA SOTTRAZIONE INTERNAZIONALE DI MINORENNI. ASPETTI GENERALI E CASO SPECIFICO DEL MINORE CONDOTTO IN GERMANIA - Studio Legale Gioffredi<\/title>\n<meta name=\"robots\" content=\"index, follow, max-snippet:-1, max-image-preview:large, max-video-preview:-1\" \/>\n<link rel=\"canonical\" href=\"https:\/\/studiolegalegioffredi.it\/en\/2020\/08\/la-sottrazione-internazionale-di-minorenni-aspetti-generali-e-caso-specifico-del-minore-condotto-in-germania\/\" \/>\n<meta property=\"og:locale\" content=\"en_GB\" \/>\n<meta property=\"og:type\" content=\"article\" \/>\n<meta property=\"og:title\" content=\"LA SOTTRAZIONE INTERNAZIONALE DI MINORENNI. ASPETTI GENERALI E CASO SPECIFICO DEL MINORE CONDOTTO IN GERMANIA - Studio Legale Gioffredi\" \/>\n<meta property=\"og:description\" content=\"a cura dell&#8217;avv. Arturo Gioffredi \u200b 1. Definizione e quadro normativo&nbsp;&nbsp;&nbsp;&nbsp;&nbsp; 2. Il ruolo delle Autorit\u00e0 Centrali&nbsp;&nbsp;&nbsp; 3. Sottrazione di minore condotto in Germania&nbsp;&nbsp; 4. Consigli pratici in caso di sottrazione di minorenne 1.&nbsp;&nbsp;&nbsp;&nbsp;&nbsp;&nbsp;&nbsp;&nbsp;&nbsp;&nbsp; Definizione e quadro normativo \u200b Si tratta di una materia della massima delicatezza per i risvolti drammatici che la sottrazione di&nbsp; [&hellip;]\" \/>\n<meta property=\"og:url\" content=\"https:\/\/studiolegalegioffredi.it\/en\/2020\/08\/la-sottrazione-internazionale-di-minorenni-aspetti-generali-e-caso-specifico-del-minore-condotto-in-germania\/\" \/>\n<meta property=\"og:site_name\" content=\"Studio Legale Gioffredi\" \/>\n<meta property=\"article:publisher\" content=\"https:\/\/www.facebook.com\/studiolegalegioffredi\" \/>\n<meta property=\"article:published_time\" content=\"2020-08-25T12:42:26+00:00\" \/>\n<meta property=\"article:modified_time\" content=\"2020-08-25T12:42:27+00:00\" \/>\n<meta name=\"author\" content=\"Studio Legale Gioffredi\" \/>\n<meta name=\"twitter:card\" content=\"summary_large_image\" \/>\n<meta name=\"twitter:label1\" content=\"Written by\" \/>\n\t<meta name=\"twitter:data1\" content=\"Studio Legale Gioffredi\" \/>\n\t<meta name=\"twitter:label2\" content=\"Estimated reading time\" \/>\n\t<meta name=\"twitter:data2\" content=\"8 minutes\" \/>\n<script type=\"application\/ld+json\" class=\"yoast-schema-graph\">{\"@context\":\"https:\/\/schema.org\",\"@graph\":[{\"@type\":\"Article\",\"@id\":\"https:\/\/studiolegalegioffredi.it\/2020\/08\/la-sottrazione-internazionale-di-minorenni-aspetti-generali-e-caso-specifico-del-minore-condotto-in-germania\/#article\",\"isPartOf\":{\"@id\":\"https:\/\/studiolegalegioffredi.it\/2020\/08\/la-sottrazione-internazionale-di-minorenni-aspetti-generali-e-caso-specifico-del-minore-condotto-in-germania\/\"},\"author\":{\"name\":\"Studio Legale Gioffredi\",\"@id\":\"https:\/\/studiolegalegioffredi.it\/en\/#\/schema\/person\/57a1acaa46c7b268e3fbe07e4654a68e\"},\"headline\":\"LA SOTTRAZIONE INTERNAZIONALE DI MINORENNI. ASPETTI GENERALI E CASO SPECIFICO DEL MINORE CONDOTTO IN GERMANIA\",\"datePublished\":\"2020-08-25T12:42:26+00:00\",\"dateModified\":\"2020-08-25T12:42:27+00:00\",\"mainEntityOfPage\":{\"@id\":\"https:\/\/studiolegalegioffredi.it\/2020\/08\/la-sottrazione-internazionale-di-minorenni-aspetti-generali-e-caso-specifico-del-minore-condotto-in-germania\/\"},\"wordCount\":1668,\"publisher\":{\"@id\":\"https:\/\/studiolegalegioffredi.it\/en\/#organization\"},\"articleSection\":[\"Uncategorized\"],\"inLanguage\":\"en-GB\"},{\"@type\":\"WebPage\",\"@id\":\"https:\/\/studiolegalegioffredi.it\/2020\/08\/la-sottrazione-internazionale-di-minorenni-aspetti-generali-e-caso-specifico-del-minore-condotto-in-germania\/\",\"url\":\"https:\/\/studiolegalegioffredi.it\/2020\/08\/la-sottrazione-internazionale-di-minorenni-aspetti-generali-e-caso-specifico-del-minore-condotto-in-germania\/\",\"name\":\"LA SOTTRAZIONE INTERNAZIONALE DI MINORENNI. ASPETTI GENERALI E CASO SPECIFICO DEL MINORE CONDOTTO IN GERMANIA - Studio Legale Gioffredi\",\"isPartOf\":{\"@id\":\"https:\/\/studiolegalegioffredi.it\/en\/#website\"},\"datePublished\":\"2020-08-25T12:42:26+00:00\",\"dateModified\":\"2020-08-25T12:42:27+00:00\",\"breadcrumb\":{\"@id\":\"https:\/\/studiolegalegioffredi.it\/2020\/08\/la-sottrazione-internazionale-di-minorenni-aspetti-generali-e-caso-specifico-del-minore-condotto-in-germania\/#breadcrumb\"},\"inLanguage\":\"en-GB\",\"potentialAction\":[{\"@type\":\"ReadAction\",\"target\":[\"https:\/\/studiolegalegioffredi.it\/2020\/08\/la-sottrazione-internazionale-di-minorenni-aspetti-generali-e-caso-specifico-del-minore-condotto-in-germania\/\"]}]},{\"@type\":\"BreadcrumbList\",\"@id\":\"https:\/\/studiolegalegioffredi.it\/2020\/08\/la-sottrazione-internazionale-di-minorenni-aspetti-generali-e-caso-specifico-del-minore-condotto-in-germania\/#breadcrumb\",\"itemListElement\":[{\"@type\":\"ListItem\",\"position\":1,\"name\":\"Home\",\"item\":\"https:\/\/studiolegalegioffredi.it\/\"},{\"@type\":\"ListItem\",\"position\":2,\"name\":\"LA SOTTRAZIONE INTERNAZIONALE DI MINORENNI. ASPETTI GENERALI E CASO SPECIFICO DEL MINORE CONDOTTO IN GERMANIA\"}]},{\"@type\":\"WebSite\",\"@id\":\"https:\/\/studiolegalegioffredi.it\/en\/#website\",\"url\":\"https:\/\/studiolegalegioffredi.it\/en\/\",\"name\":\"Studio Legale Gioffredi\",\"description\":\"\",\"publisher\":{\"@id\":\"https:\/\/studiolegalegioffredi.it\/en\/#organization\"},\"potentialAction\":[{\"@type\":\"SearchAction\",\"target\":{\"@type\":\"EntryPoint\",\"urlTemplate\":\"https:\/\/studiolegalegioffredi.it\/en\/?s={search_term_string}\"},\"query-input\":\"required name=search_term_string\"}],\"inLanguage\":\"en-GB\"},{\"@type\":\"Organization\",\"@id\":\"https:\/\/studiolegalegioffredi.it\/en\/#organization\",\"name\":\"Studio Legale Gioffredi\",\"url\":\"https:\/\/studiolegalegioffredi.it\/en\/\",\"sameAs\":[\"https:\/\/www.instagram.com\/studiolegalegioffredi\/\",\"https:\/\/www.linkedin.com\/company\/studio-legale-gioffredi\/\",\"https:\/\/www.facebook.com\/studiolegalegioffredi\"],\"logo\":{\"@type\":\"ImageObject\",\"inLanguage\":\"en-GB\",\"@id\":\"https:\/\/studiolegalegioffredi.it\/en\/#\/schema\/logo\/image\/\",\"url\":\"https:\/\/secureservercdn.net\/160.153.137.171\/ona.311.myftpupload.com\/wp-content\/uploads\/2020\/08\/logo-no-sfondo.png?time=1666420825\",\"contentUrl\":\"https:\/\/secureservercdn.net\/160.153.137.171\/ona.311.myftpupload.com\/wp-content\/uploads\/2020\/08\/logo-no-sfondo.png?time=1666420825\",\"width\":879,\"height\":291,\"caption\":\"Studio Legale Gioffredi\"},\"image\":{\"@id\":\"https:\/\/studiolegalegioffredi.it\/en\/#\/schema\/logo\/image\/\"}},{\"@type\":\"Person\",\"@id\":\"https:\/\/studiolegalegioffredi.it\/en\/#\/schema\/person\/57a1acaa46c7b268e3fbe07e4654a68e\",\"name\":\"Studio Legale Gioffredi\",\"image\":{\"@type\":\"ImageObject\",\"inLanguage\":\"en-GB\",\"@id\":\"https:\/\/studiolegalegioffredi.it\/en\/#\/schema\/person\/image\/\",\"url\":\"https:\/\/secure.gravatar.com\/avatar\/206132fca91fe964203a6b2bf0fa48d9dbc1ed385a0a258f70ef45f6872d240d?s=96&d=mm&r=g\",\"contentUrl\":\"https:\/\/secure.gravatar.com\/avatar\/206132fca91fe964203a6b2bf0fa48d9dbc1ed385a0a258f70ef45f6872d240d?s=96&d=mm&r=g\",\"caption\":\"Studio Legale Gioffredi\"}}]}<\/script>\n<!-- \/ Yoast SEO plugin. -->","yoast_head_json":{"title":"LA SOTTRAZIONE INTERNAZIONALE DI MINORENNI. ASPETTI GENERALI E CASO SPECIFICO DEL MINORE CONDOTTO IN GERMANIA - Studio Legale Gioffredi","robots":{"index":"index","follow":"follow","max-snippet":"max-snippet:-1","max-image-preview":"max-image-preview:large","max-video-preview":"max-video-preview:-1"},"canonical":"https:\/\/studiolegalegioffredi.it\/en\/2020\/08\/la-sottrazione-internazionale-di-minorenni-aspetti-generali-e-caso-specifico-del-minore-condotto-in-germania\/","og_locale":"en_GB","og_type":"article","og_title":"LA SOTTRAZIONE INTERNAZIONALE DI MINORENNI. ASPETTI GENERALI E CASO SPECIFICO DEL MINORE CONDOTTO IN GERMANIA - Studio Legale Gioffredi","og_description":"a cura dell&#8217;avv. Arturo Gioffredi \u200b 1. Definizione e quadro normativo&nbsp;&nbsp;&nbsp;&nbsp;&nbsp; 2. Il ruolo delle Autorit\u00e0 Centrali&nbsp;&nbsp;&nbsp; 3. Sottrazione di minore condotto in Germania&nbsp;&nbsp; 4. Consigli pratici in caso di sottrazione di minorenne 1.&nbsp;&nbsp;&nbsp;&nbsp;&nbsp;&nbsp;&nbsp;&nbsp;&nbsp;&nbsp; Definizione e quadro normativo \u200b Si tratta di una materia della massima delicatezza per i risvolti drammatici che la sottrazione di&nbsp; [&hellip;]","og_url":"https:\/\/studiolegalegioffredi.it\/en\/2020\/08\/la-sottrazione-internazionale-di-minorenni-aspetti-generali-e-caso-specifico-del-minore-condotto-in-germania\/","og_site_name":"Studio Legale Gioffredi","article_publisher":"https:\/\/www.facebook.com\/studiolegalegioffredi","article_published_time":"2020-08-25T12:42:26+00:00","article_modified_time":"2020-08-25T12:42:27+00:00","author":"Studio Legale Gioffredi","twitter_card":"summary_large_image","twitter_misc":{"Written by":"Studio Legale Gioffredi","Estimated reading time":"8 minutes"},"schema":{"@context":"https:\/\/schema.org","@graph":[{"@type":"Article","@id":"https:\/\/studiolegalegioffredi.it\/2020\/08\/la-sottrazione-internazionale-di-minorenni-aspetti-generali-e-caso-specifico-del-minore-condotto-in-germania\/#article","isPartOf":{"@id":"https:\/\/studiolegalegioffredi.it\/2020\/08\/la-sottrazione-internazionale-di-minorenni-aspetti-generali-e-caso-specifico-del-minore-condotto-in-germania\/"},"author":{"name":"Studio Legale Gioffredi","@id":"https:\/\/studiolegalegioffredi.it\/en\/#\/schema\/person\/57a1acaa46c7b268e3fbe07e4654a68e"},"headline":"LA SOTTRAZIONE INTERNAZIONALE DI MINORENNI. ASPETTI GENERALI E CASO SPECIFICO DEL MINORE CONDOTTO IN GERMANIA","datePublished":"2020-08-25T12:42:26+00:00","dateModified":"2020-08-25T12:42:27+00:00","mainEntityOfPage":{"@id":"https:\/\/studiolegalegioffredi.it\/2020\/08\/la-sottrazione-internazionale-di-minorenni-aspetti-generali-e-caso-specifico-del-minore-condotto-in-germania\/"},"wordCount":1668,"publisher":{"@id":"https:\/\/studiolegalegioffredi.it\/en\/#organization"},"articleSection":["Uncategorized"],"inLanguage":"en-GB"},{"@type":"WebPage","@id":"https:\/\/studiolegalegioffredi.it\/2020\/08\/la-sottrazione-internazionale-di-minorenni-aspetti-generali-e-caso-specifico-del-minore-condotto-in-germania\/","url":"https:\/\/studiolegalegioffredi.it\/2020\/08\/la-sottrazione-internazionale-di-minorenni-aspetti-generali-e-caso-specifico-del-minore-condotto-in-germania\/","name":"LA SOTTRAZIONE INTERNAZIONALE DI MINORENNI. ASPETTI GENERALI E CASO SPECIFICO DEL MINORE CONDOTTO IN GERMANIA - Studio Legale Gioffredi","isPartOf":{"@id":"https:\/\/studiolegalegioffredi.it\/en\/#website"},"datePublished":"2020-08-25T12:42:26+00:00","dateModified":"2020-08-25T12:42:27+00:00","breadcrumb":{"@id":"https:\/\/studiolegalegioffredi.it\/2020\/08\/la-sottrazione-internazionale-di-minorenni-aspetti-generali-e-caso-specifico-del-minore-condotto-in-germania\/#breadcrumb"},"inLanguage":"en-GB","potentialAction":[{"@type":"ReadAction","target":["https:\/\/studiolegalegioffredi.it\/2020\/08\/la-sottrazione-internazionale-di-minorenni-aspetti-generali-e-caso-specifico-del-minore-condotto-in-germania\/"]}]},{"@type":"BreadcrumbList","@id":"https:\/\/studiolegalegioffredi.it\/2020\/08\/la-sottrazione-internazionale-di-minorenni-aspetti-generali-e-caso-specifico-del-minore-condotto-in-germania\/#breadcrumb","itemListElement":[{"@type":"ListItem","position":1,"name":"Home","item":"https:\/\/studiolegalegioffredi.it\/"},{"@type":"ListItem","position":2,"name":"LA SOTTRAZIONE INTERNAZIONALE DI MINORENNI. ASPETTI GENERALI E CASO SPECIFICO DEL MINORE CONDOTTO IN GERMANIA"}]},{"@type":"WebSite","@id":"https:\/\/studiolegalegioffredi.it\/en\/#website","url":"https:\/\/studiolegalegioffredi.it\/en\/","name":"Law Firm Gioffredi","description":"","publisher":{"@id":"https:\/\/studiolegalegioffredi.it\/en\/#organization"},"potentialAction":[{"@type":"SearchAction","target":{"@type":"EntryPoint","urlTemplate":"https:\/\/studiolegalegioffredi.it\/en\/?s={search_term_string}"},"query-input":"required name=search_term_string"}],"inLanguage":"en-GB"},{"@type":"Organization","@id":"https:\/\/studiolegalegioffredi.it\/en\/#organization","name":"Law Firm Gioffredi","url":"https:\/\/studiolegalegioffredi.it\/en\/","sameAs":["https:\/\/www.instagram.com\/studiolegalegioffredi\/","https:\/\/www.linkedin.com\/company\/studio-legale-gioffredi\/","https:\/\/www.facebook.com\/studiolegalegioffredi"],"logo":{"@type":"ImageObject","inLanguage":"en-GB","@id":"https:\/\/studiolegalegioffredi.it\/en\/#\/schema\/logo\/image\/","url":"https:\/\/secureservercdn.net\/160.153.137.171\/ona.311.myftpupload.com\/wp-content\/uploads\/2020\/08\/logo-no-sfondo.png?time=1666420825","contentUrl":"https:\/\/secureservercdn.net\/160.153.137.171\/ona.311.myftpupload.com\/wp-content\/uploads\/2020\/08\/logo-no-sfondo.png?time=1666420825","width":879,"height":291,"caption":"Studio Legale Gioffredi"},"image":{"@id":"https:\/\/studiolegalegioffredi.it\/en\/#\/schema\/logo\/image\/"}},{"@type":"Person","@id":"https:\/\/studiolegalegioffredi.it\/en\/#\/schema\/person\/57a1acaa46c7b268e3fbe07e4654a68e","name":"Law Firm Gioffredi","image":{"@type":"ImageObject","inLanguage":"en-GB","@id":"https:\/\/studiolegalegioffredi.it\/en\/#\/schema\/person\/image\/","url":"https:\/\/secure.gravatar.com\/avatar\/206132fca91fe964203a6b2bf0fa48d9dbc1ed385a0a258f70ef45f6872d240d?s=96&d=mm&r=g","contentUrl":"https:\/\/secure.gravatar.com\/avatar\/206132fca91fe964203a6b2bf0fa48d9dbc1ed385a0a258f70ef45f6872d240d?s=96&d=mm&r=g","caption":"Studio Legale Gioffredi"}}]}},"_links":{"self":[{"href":"https:\/\/studiolegalegioffredi.it\/en\/wp-json\/wp\/v2\/posts\/1767","targetHints":{"allow":["GET"]}}],"collection":[{"href":"https:\/\/studiolegalegioffredi.it\/en\/wp-json\/wp\/v2\/posts"}],"about":[{"href":"https:\/\/studiolegalegioffredi.it\/en\/wp-json\/wp\/v2\/types\/post"}],"author":[{"embeddable":true,"href":"https:\/\/studiolegalegioffredi.it\/en\/wp-json\/wp\/v2\/users\/2"}],"replies":[{"embeddable":true,"href":"https:\/\/studiolegalegioffredi.it\/en\/wp-json\/wp\/v2\/comments?post=1767"}],"version-history":[{"count":1,"href":"https:\/\/studiolegalegioffredi.it\/en\/wp-json\/wp\/v2\/posts\/1767\/revisions"}],"predecessor-version":[{"id":1768,"href":"https:\/\/studiolegalegioffredi.it\/en\/wp-json\/wp\/v2\/posts\/1767\/revisions\/1768"}],"wp:attachment":[{"href":"https:\/\/studiolegalegioffredi.it\/en\/wp-json\/wp\/v2\/media?parent=1767"}],"wp:term":[{"taxonomy":"category","embeddable":true,"href":"https:\/\/studiolegalegioffredi.it\/en\/wp-json\/wp\/v2\/categories?post=1767"},{"taxonomy":"post_tag","embeddable":true,"href":"https:\/\/studiolegalegioffredi.it\/en\/wp-json\/wp\/v2\/tags?post=1767"}],"curies":[{"name":"wp","href":"https:\/\/api.w.org\/{rel}","templated":true}]}}